{"id":15806,"date":"2025-01-31T16:15:13","date_gmt":"2025-01-31T16:15:13","guid":{"rendered":"https:\/\/cbrintelligence.cl\/?p=15806"},"modified":"2025-09-24T14:19:11","modified_gmt":"2025-09-24T14:19:11","slug":"corte-de-temuco-y-universidad-autonoma-desarrollan-primer-seminario-de-inteligencia-artificial-aplicada-a-la-gestion-judicial","status":"publish","type":"post","link":"https:\/\/cbrintelligence.cl\/index.php\/2025\/01\/31\/corte-de-temuco-y-universidad-autonoma-desarrollan-primer-seminario-de-inteligencia-artificial-aplicada-a-la-gestion-judicial\/","title":{"rendered":"Corte de Temuco y Universidad Aut\u00f3noma desarrollan primer seminario de inteligencia artificial aplicada a la gesti\u00f3n judicial"},"content":{"rendered":"\n<p>En la jornada se gener\u00f3 un espacio para la reflexi\u00f3n sobre el uso de las tecnolog\u00edas de la informaci\u00f3n y la comunicaci\u00f3n aplicadas a la gesti\u00f3n judicial, considerando aspectos \u00e9ticos, equitativos y de seguridad y cont\u00f3 con las ponencias del ministro Jean Pierre Matus, del subdirector de la CAPJ, Zvonimir Koporcic; del jefe del Subdepartamento de Modernizaci\u00f3n de la CAPJ, Esteban Paiva, las acad\u00e9micas Dra. Carol Hullin y Andrea Matus (desde Australia); y del acad\u00e9mico de la UA, Hern\u00e1n L\u00f3pez.<\/p>\n\n\n\n<figure class=\"wp-block-embed is-type-video is-provider-youtube wp-block-embed-youtube wp-embed-aspect-16-9 wp-has-aspect-ratio\"><div class=\"wp-block-embed__wrapper\">\n<iframe title=\"Autoridades judiciales dialogan sobre usos de inteligencia artificial\" width=\"500\" height=\"281\" src=\"https:\/\/www.youtube.com\/embed\/ZO8Pbn6vyYU?feature=oembed\" frameborder=\"0\" allow=\"accelerometer; autoplay; clipboard-write; encrypted-media; gyroscope; picture-in-picture; web-share\" referrerpolicy=\"strict-origin-when-cross-origin\" allowfullscreen><\/iframe>\n<\/div><\/figure>\n\n\n\n<p>Jueces, funcionarios judiciales, conservadores de bienes ra\u00edces,&nbsp; acad\u00e9micos e investigadores de la comunidad jur\u00eddica de La Araucan\u00eda reflexionaron sobre las ventajas, oportunidades y desaf\u00edos de las tecnolog\u00edas de la inteligencia artificial aplicadas a la gesti\u00f3n judicial, en el primer seminario internacional encabezado por el ministro de la Corte Suprema&nbsp; Jean Pierre Matus, el presidente de Corte de Apelaciones de Temuco, Alberto Amiot, y vicedecano de la Facultad de Derecho de la Universidad Aut\u00f3noma, Francisco Ljubetic.<\/p>\n\n\n\n<p>La actividad se desarroll\u00f3 la tarde de ayer -jueves 24 de agosto- de manera presencial en el auditorio Juan Pablo Laporte de la Universidad Aut\u00f3noma y v\u00eda streaming, generando un espacio para la reflexi\u00f3n sobre el uso de las tecnolog\u00edas de la informaci\u00f3n y la comunicaci\u00f3n aplicadas a la gesti\u00f3n judicial, considerando aspectos \u00e9ticos, equitativos y de seguridad y cont\u00f3 con las ponencias del ministro Jean Pierre Matus, del subdirector de la Corporaci\u00f3n Administrativa del Poder Judicial (CAPJ), Zvonimir Koporcic; del jefe del Subdepartamento de Modernizaci\u00f3n de la CAPJ, Esteban Paiva; la consultora de la Organizaci\u00f3n Panamericana de la Salud y doctorada en inteligencia artificial, Carol Hullin; la investigadora de la Universidad de Newcastle, Sidney, Australia, Andrea Matus; y del acad\u00e9mico de la Universidad Aut\u00f3noma de Chile, candidato a Dr. Hern\u00e1n L\u00f3pez.<\/p>\n\n\n\n<p>La jornada fue el escenario id\u00f3neo para dar a conocer dos proyectos piloto que se han llevado a cabo en la jurisdicci\u00f3n de Temuco: \u201cIA EX MACHINA(<strong>CBR Intelligence<\/strong>): Tecnologizaci\u00f3n del Conservador de Bienes Ra\u00edces de Puc\u00f3n e inteligencia artificial aplicada al registro\u201d, desarrollada por el conservador Sergio Rossel y \u201cEl tr\u00e1nsito desde la carencia de recursos a soluciones tecnol\u00f3gicas\u201d, que resume la experiencia del Juzgado de Letras y Garant\u00eda Puc\u00f3n, compartida por el magistrado Jos\u00e9 Luis Maureira, el administrador H\u00e9ctor Bonilla y el funcionario Alfonso Mardones.<\/p>\n\n\n\n<p>El ministro de la Corte Suprema Jean Pierre Matus abri\u00f3 su ponencia interactuando con la aplicaci\u00f3n chatGPT, enfatizando que en materia de aplicaci\u00f3n de tecnolog\u00edas de la inteligencia artificial aplicadas a la gesti\u00f3n judicial. \u201cEs hora de dejar de hablar y empezar a hacer, porque hay muchas herramientas disponibles y hemos perdido una cantidad de tiempo y recursos enormes en hacer cosas que ya no debi\u00e9ramos hacer f\u00edsica o manualmente y el l equipo del Juzgado de Letras y Garant\u00eda de Puc\u00f3n descubri\u00f3 una forma sencilla de usar eficientemente la oficina judicial virtual, ofreciendo una soluci\u00f3n a sus problemas. El problemas es el enfoque que le damos a nuestras plataformas tecnol\u00f3gicas, necesitamos que sean m\u00e1s eficientes y ponerlas a disposici\u00f3n de los usuarios, llegando a m\u00e1s personas con soluciones oportunas\u201d, se\u00f1al\u00f3.<\/p>\n\n\n\n<p>\u201cAgradezco a la Facultad de Derecho de la Universidad Aut\u00f3noma de Chile, casa de estudios que por segunda vez nos acoge para abrir un espacio de conocimiento, discusi\u00f3n y di\u00e1logo entre expertos e investigadores en inteligencia artificial y su contraparte judicial, jueces y auxiliares de la justicia, con el prop\u00f3sito de conocer las ventajas, oportunidades y aplicaci\u00f3n que nos brinda el algoritmo de datos y las tecnolog\u00edas de la informaci\u00f3n, en una primera muestra donde pudimos observar distintos matices del uso de la inteligencia artificial, conociendo los aspectos \u00e9ticos y&nbsp; de seguridad de los sistemas inform\u00e1ticos\u201d, sostuvo por su parte el presidente del tribunal de alzada de Temuco, Alberto Amiot.<\/p>\n\n\n\n<p>Y agreg\u00f3 que \u201cla inteligencia artificial es un sistema neuronal que permite manejar la actividad rob\u00f3tica, como el desarrollo de determinadas tareas que por su frecuencia pueden resultar agotadoras para el funcionario que las ejecuta. Nosotros con el laboratorio de inteligencia artificial queremos experimentar y resolver las problem\u00e1ticas que se van presentando en la gesti\u00f3n judicial, y por eso nos hemos aliado con la Universidad Aut\u00f3noma, para generar una capacidad de respuesta eficiente, \u00e9ticamente responsable y que con todos estos componentes podamos ofrecer soluciones seguras, para lo que nos importa que en esta ocasi\u00f3n nos acompa\u00f1en los directores de la Corporaci\u00f3n Administrativa del Poder Judicial\u201d.<\/p>\n\n\n\n<p>A su vez, el vicedecano de la Facultad de Derecho de la Universidad Aut\u00f3noma, Francisco Ljubetic, expres\u00f3 que \u201ceste seminario constituye una muestra&nbsp; concreta de la importancia que tiene para la Corte de Apelaciones de Temuco, para el Poder Judicial y para el pa\u00eds en una tem\u00e1tica muy importante, y que nos plantea desaf\u00edos significativos, y que a trav\u00e9s del acuerdo que hemos suscrito con la Corte, buscamos impulsar la implementaci\u00f3n de tecnolog\u00edas de inteligencia artificial y para ello hicimos part\u00edcipes a los jueces e integrantes del tribunal de alzada, pero tambi\u00e9n a acad\u00e9micos, investigadores y a nuestros estudiantes que participan en la cocreaci\u00f3n de m\u00faltiples beneficios de la inteligencia artificial\u201d.<\/p>\n\n\n\n<p>Finalmente, el subdirector de la CAPJ, Zvonimir Koporcic, valor\u00f3 positivamente el desarrollo de soluciones realizadas por el Juzgado de Letras y Garant\u00eda de Puc\u00f3n: \u201cYo creo que pronto se van a poder extender a los tribunales de la jurisdicci\u00f3n y en la medida que sea un paquete que se replicar, va a ser una ayuda fundamental para la enorme cantidad de tramitaci\u00f3n de resoluciones y documentos que los distintos tribunales. Asimismo, la experiencia del Conservador de Puc\u00f3n en inteligencia artificial, es algo que totalmente exportable, ya que permite a los usuarios tener respuesta casi inmediata a todos los requerimientos y si uno lo compara con otros conservadores del pa\u00eds, yo creo que est\u00e1n en la punta. Estoy muy agradecido de la invitaci\u00f3n de la Corte de Temuco y la Universidad Aut\u00f3noma y felicitar a los dos equipos de Puc\u00f3n por los desarrollos que han realizado\u201d.<\/p>\n\n\n\n<p><strong>Seminario completo:&nbsp;<\/strong><a href=\"https:\/\/youtu.be\/kPidpHUWoSc?si=jDCUYYnk8nf2hsAl\">https:\/\/youtu.be\/kPidpHUWoSc?si=jDCUYYnk8nf2hsAl<\/a><\/p>\n\n\n\n<figure class=\"wp-block-embed is-type-video is-provider-youtube wp-block-embed-youtube wp-embed-aspect-16-9 wp-has-aspect-ratio\"><div class=\"wp-block-embed__wrapper\">\n<iframe title=\"Corte de Temuco y U. Aut\u00f3noma realizaron seminario &quot;Uso de Tecnolog\u00edas IA en la gesti\u00f3n del PJUD&quot;\" width=\"500\" height=\"281\" src=\"https:\/\/www.youtube.com\/embed\/kPidpHUWoSc?feature=oembed\" frameborder=\"0\" allow=\"accelerometer; autoplay; clipboard-write; encrypted-media; gyroscope; picture-in-picture; web-share\" referrerpolicy=\"strict-origin-when-cross-origin\" allowfullscreen><\/iframe>\n<\/div><\/figure>\n\n\n\n<p>Fuente: <strong>Poder Judicial<\/strong> <a href=\"https:\/\/www.pjud.cl\/prensa-y-comunicaciones\/noticias-del-poder-judicial\/97645\">https:\/\/www.pjud.cl\/prensa-y-comunicaciones\/noticias-del-poder-judicial\/97645<\/a><\/p>\n\n\n\n<p><\/p>\n","protected":false},"excerpt":{"rendered":"<p>En la jornada se gener\u00f3 un espacio para la reflexi\u00f3n sobre el uso de las tecnolog\u00edas de la informaci\u00f3n y<\/p>\n","protected":false},"author":1,"featured_media":15807,"comment_status":"open","ping_status":"open","sticky":false,"template":"","format":"standard","meta":{"footnotes":""},"categories":[72],"tags":[88,77,85,74,76,73,86,75,87,78],"class_list":["post-15806","post","type-post","status-publish","format-standard","has-post-thumbnail","hentry","category-articulos-de-interes","tag-archivo-digita","tag-bienes","tag-cbrintelligence","tag-certificados","tag-conservador","tag-inscripciones","tag-poder-judicial","tag-propiedad","tag-pucon","tag-raices"],"_links":{"self":[{"href":"https:\/\/cbrintelligence.cl\/index.php\/wp-json\/wp\/v2\/posts\/15806","targetHints":{"allow":["GET"]}}],"collection":[{"href":"https:\/\/cbrintelligence.cl\/index.php\/wp-json\/wp\/v2\/posts"}],"about":[{"href":"https:\/\/cbrintelligence.cl\/index.php\/wp-json\/wp\/v2\/types\/post"}],"author":[{"embeddable":true,"href":"https:\/\/cbrintelligence.cl\/index.php\/wp-json\/wp\/v2\/users\/1"}],"replies":[{"embeddable":true,"href":"https:\/\/cbrintelligence.cl\/index.php\/wp-json\/wp\/v2\/comments?post=15806"}],"version-history":[{"count":5,"href":"https:\/\/cbrintelligence.cl\/index.php\/wp-json\/wp\/v2\/posts\/15806\/revisions"}],"predecessor-version":[{"id":15830,"href":"https:\/\/cbrintelligence.cl\/index.php\/wp-json\/wp\/v2\/posts\/15806\/revisions\/15830"}],"wp:featuredmedia":[{"embeddable":true,"href":"https:\/\/cbrintelligence.cl\/index.php\/wp-json\/wp\/v2\/media\/15807"}],"wp:attachment":[{"href":"https:\/\/cbrintelligence.cl\/index.php\/wp-json\/wp\/v2\/media?parent=15806"}],"wp:term":[{"taxonomy":"category","embeddable":true,"href":"https:\/\/cbrintelligence.cl\/index.php\/wp-json\/wp\/v2\/categories?post=15806"},{"taxonomy":"post_tag","embeddable":true,"href":"https:\/\/cbrintelligence.cl\/index.php\/wp-json\/wp\/v2\/tags?post=15806"}],"curies":[{"name":"wp","href":"https:\/\/api.w.org\/{rel}","templated":true}]}}